{"id":6670,"date":"2020-04-15T15:09:33","date_gmt":"2020-04-15T15:09:33","guid":{"rendered":"http:\/\/digitalmemories.be\/?p=6670"},"modified":"2020-04-15T15:15:09","modified_gmt":"2020-04-15T15:15:09","slug":"romero-memory-activating-heritage-of-international-solidarity-2","status":"publish","type":"post","link":"https:\/\/digitalmemories.be\/?p=6670","title":{"rendered":"Romero: Memory \/ Activating heritage of international solidarity"},"content":{"rendered":"[vc_row type=\u00bbin_container\u00bb full_screen_row_position=\u00bbmiddle\u00bb column_margin=\u00bbdefault\u00bb scene_position=\u00bbcenter\u00bb text_color=\u00bbdark\u00bb text_align=\u00bbleft\u00bb bottom_padding=\u00bb60&#8243; overlay_strength=\u00bb0.3&#8243; shape_divider_position=\u00bbbottom\u00bb bg_image_animation=\u00bbnone\u00bb][vc_column column_padding=\u00bbno-extra-padding\u00bb column_padding_position=\u00bball\u00bb background_color_opacity=\u00bb1&#8243; background_hover_color_opacity=\u00bb1&#8243; column_link_target=\u00bb_self\u00bb column_shadow=\u00bbnone\u00bb column_border_radius=\u00bbnone\u00bb width=\u00bb1\/1&#8243; tablet_width_inherit=\u00bbdefault\u00bb tablet_text_alignment=\u00bbdefault\u00bb phone_text_alignment=\u00bbdefault\u00bb overlay_strength=\u00bb0.3&#8243; column_border_width=\u00bbnone\u00bb column_border_style=\u00bbsolid\u00bb bg_image_animation=\u00bbnone\u00bb][image_with_animation image_url=\u00bb6667&#8243; alignment=\u00bbcenter\u00bb animation=\u00bbFade In\u00bb hover_animation=\u00bbnone\u00bb border_radius=\u00bbnone\u00bb box_shadow=\u00bbnone\u00bb image_loading=\u00bbdefault\u00bb max_width=\u00bb100%\u00bb max_width_mobile=\u00bbdefault\u00bb][vc_column_text]\n<h3 style=\"text-align: justify;\"><\/h3>\n<div class=\"post_info_content\">\n<p>KU Leuven organiz\u00f3 la Conferencia ROMERO:MEMORY: ACTIVATING HERITAGE OF INTERNATIONAL SOLIDARITY, que tuvo lugar en Leuven, entre el 4 y el 8 de noviembre de 2019, con el objetivo de discutir al legado de Monse\u00f1or Oscar Romero y su impacto en los movimientos solidarios con Am\u00e9rica Latina. Silvana Mandolessi particip\u00f3 en la sesi\u00f3n \u201cTHE LEGACY OF TRUTH COMMISSIONS IN EL SALVADOR AND BEYOND\u201d, con la ponencia \u201cTruth telling in Argentina and Mexico: comparative reflections\u201d.<\/p>\n<\/div>\n[\/vc_column_text][vc_row_inner column_margin=\u00bbdefault\u00bb text_align=\u00bbleft\u00bb][vc_column_inner column_padding=\u00bbno-extra-padding\u00bb column_padding_position=\u00bball\u00bb background_color_opacity=\u00bb1&#8243; background_hover_color_opacity=\u00bb1&#8243; column_shadow=\u00bbnone\u00bb column_border_radius=\u00bbnone\u00bb column_link_target=\u00bb_self\u00bb width=\u00bb1\/3&#8243; tablet_width_inherit=\u00bbdefault\u00bb overlay_strength=\u00bb0.3&#8243; column_border_width=\u00bbnone\u00bb column_border_style=\u00bbsolid\u00bb bg_image_animation=\u00bbnone\u00bb][\/vc_column_inner][vc_column_inner column_padding=\u00bbno-extra-padding\u00bb column_padding_position=\u00bball\u00bb centered_text=\u00bbtrue\u00bb background_color_opacity=\u00bb1&#8243; background_hover_color_opacity=\u00bb1&#8243; column_shadow=\u00bbnone\u00bb column_border_radius=\u00bbnone\u00bb column_link_target=\u00bb_self\u00bb width=\u00bb1\/3&#8243; tablet_width_inherit=\u00bbdefault\u00bb overlay_strength=\u00bb0.3&#8243; column_border_width=\u00bbnone\u00bb column_border_style=\u00bbsolid\u00bb bg_image_animation=\u00bbnone\u00bb][nectar_btn size=\u00bbsmall\u00bb button_style=\u00bbregular\u00bb button_color_2=\u00bbAccent-Color\u00bb icon_family=\u00bbnone\u00bb url=\u00bbhttp:\/\/digitalmemories.be\/wp-content\/uploads\/2020\/04\/Romero-Memory-Programme.pdf\u00bb text=\u00bbProgramme\u00bb margin_top=\u00bb15px\u00bb][\/vc_column_inner][vc_column_inner column_padding=\u00bbno-extra-padding\u00bb column_padding_position=\u00bball\u00bb background_color_opacity=\u00bb1&#8243; background_hover_color_opacity=\u00bb1&#8243; column_shadow=\u00bbnone\u00bb column_border_radius=\u00bbnone\u00bb column_link_target=\u00bb_self\u00bb width=\u00bb1\/3&#8243; tablet_width_inherit=\u00bbdefault\u00bb overlay_strength=\u00bb0.3&#8243; column_border_width=\u00bbnone\u00bb column_border_style=\u00bbsolid\u00bb bg_image_animation=\u00bbnone\u00bb][\/vc_column_inner][\/vc_row_inner][\/vc_column][\/vc_row]\n","protected":false},"excerpt":{"rendered":"<p>[vc_row type=\u00bbin_container\u00bb full_screen_row_position=\u00bbmiddle\u00bb column_margin=\u00bbdefault\u00bb scene_position=\u00bbcenter\u00bb text_color=\u00bbdark\u00bb text_align=\u00bbleft\u00bb bottom_padding=\u00bb60&#8243; overlay_strength=\u00bb0.3&#8243; shape_divider_position=\u00bbbottom\u00bb bg_image_animation=\u00bbnone\u00bb][vc_column column_padding=\u00bbno-extra-padding\u00bb column_padding_position=\u00bball\u00bb background_color_opacity=\u00bb1&#8243; background_hover_color_opacity=\u00bb1&#8243; column_link_target=\u00bb_self\u00bb column_shadow=\u00bbnone\u00bb column_border_radius=\u00bbnone\u00bb width=\u00bb1\/1&#8243; tablet_width_inherit=\u00bbdefault\u00bb tablet_text_alignment=\u00bbdefault\u00bb phone_text_alignment=\u00bbdefault\u00bb overlay_strength=\u00bb0.3&#8243; column_border_width=\u00bbnone\u00bb column_border_style=\u00bbsolid\u00bb bg_image_animation=\u00bbnone\u00bb][image_with_animation image_url=\u00bb6667&#8243; alignment=\u00bbcenter\u00bb animation=\u00bbFade In\u00bb&#8230;<\/p>\n","protected":false},"author":2,"featured_media":0,"comment_status":"closed","ping_status":"closed","sticky":false,"template":"","format":"standard","meta":[],"categories":[43],"tags":[],"yoast_head":"<!-- This site is optimized with the Yoast SEO plugin v16.4 - https:\/\/yoast.com\/wordpress\/plugins\/seo\/ -->\n<title>Romero: Memory \/ Activating heritage of international solidarity - Digital Memories<\/title>\n<meta name=\"robots\" content=\"index, follow, max-snippet:-1, max-image-preview:large, max-video-preview:-1\" \/>\n<link rel=\"canonical\" href=\"https:\/\/digitalmemories.be\/?p=6670\" \/>\n<meta property=\"og:locale\" content=\"es_ES\" \/>\n<meta property=\"og:type\" content=\"article\" \/>\n<meta property=\"og:title\" content=\"Romero: Memory \/ Activating heritage of international solidarity - Digital Memories\" \/>\n<meta property=\"og:description\" content=\"[vc_row type=\u00bbin_container\u00bb full_screen_row_position=\u00bbmiddle\u00bb column_margin=\u00bbdefault\u00bb scene_position=\u00bbcenter\u00bb text_color=\u00bbdark\u00bb text_align=\u00bbleft\u00bb bottom_padding=\u00bb60&#8243; overlay_strength=\u00bb0.3&#8243; shape_divider_position=\u00bbbottom\u00bb bg_image_animation=\u00bbnone\u00bb][vc_column column_padding=\u00bbno-extra-padding\u00bb column_padding_position=\u00bball\u00bb background_color_opacity=\u00bb1&#8243; background_hover_color_opacity=\u00bb1&#8243; column_link_target=\u00bb_self\u00bb column_shadow=\u00bbnone\u00bb column_border_radius=\u00bbnone\u00bb width=\u00bb1\/1&#8243; tablet_width_inherit=\u00bbdefault\u00bb tablet_text_alignment=\u00bbdefault\u00bb phone_text_alignment=\u00bbdefault\u00bb overlay_strength=\u00bb0.3&#8243; column_border_width=\u00bbnone\u00bb column_border_style=\u00bbsolid\u00bb bg_image_animation=\u00bbnone\u00bb][image_with_animation image_url=\u00bb6667&#8243; alignment=\u00bbcenter\u00bb animation=\u00bbFade In\u00bb...\" \/>\n<meta property=\"og:url\" content=\"https:\/\/digitalmemories.be\/?p=6670\" \/>\n<meta property=\"og:site_name\" content=\"Digital Memories\" \/>\n<meta property=\"article:published_time\" content=\"2020-04-15T15:09:33+00:00\" \/>\n<meta property=\"article:modified_time\" content=\"2020-04-15T15:15:09+00:00\" \/>\n<meta name=\"twitter:card\" content=\"summary_large_image\" \/>\n<meta name=\"twitter:label1\" content=\"Tiempo de lectura\" \/>\n\t<meta name=\"twitter:data1\" content=\"2 minutos\" \/>\n<script type=\"application\/ld+json\" class=\"yoast-schema-graph\">{\"@context\":\"https:\/\/schema.org\",\"@graph\":[{\"@type\":\"WebSite\",\"@id\":\"https:\/\/digitalmemories.be\/#website\",\"url\":\"https:\/\/digitalmemories.be\/\",\"name\":\"Digital Memories\",\"description\":\"\",\"potentialAction\":[{\"@type\":\"SearchAction\",\"target\":\"https:\/\/digitalmemories.be\/?s={search_term_string}\",\"query-input\":\"required name=search_term_string\"}],\"inLanguage\":\"es\"},{\"@type\":\"WebPage\",\"@id\":\"https:\/\/digitalmemories.be\/?p=6670#webpage\",\"url\":\"https:\/\/digitalmemories.be\/?p=6670\",\"name\":\"Romero: Memory \/ Activating heritage of international solidarity - Digital Memories\",\"isPartOf\":{\"@id\":\"https:\/\/digitalmemories.be\/#website\"},\"datePublished\":\"2020-04-15T15:09:33+00:00\",\"dateModified\":\"2020-04-15T15:15:09+00:00\",\"author\":{\"@id\":\"https:\/\/digitalmemories.be\/#\/schema\/person\/9b37fcaaec36010f8a45969703fe2ae6\"},\"breadcrumb\":{\"@id\":\"https:\/\/digitalmemories.be\/?p=6670#breadcrumb\"},\"inLanguage\":\"es\",\"potentialAction\":[{\"@type\":\"ReadAction\",\"target\":[\"https:\/\/digitalmemories.be\/?p=6670\"]}]},{\"@type\":\"BreadcrumbList\",\"@id\":\"https:\/\/digitalmemories.be\/?p=6670#breadcrumb\",\"itemListElement\":[{\"@type\":\"ListItem\",\"position\":1,\"item\":{\"@type\":\"WebPage\",\"@id\":\"https:\/\/digitalmemories.be\/\",\"url\":\"https:\/\/digitalmemories.be\/\",\"name\":\"Portada\"}},{\"@type\":\"ListItem\",\"position\":2,\"item\":{\"@id\":\"https:\/\/digitalmemories.be\/?p=6670#webpage\"}}]},{\"@type\":\"Person\",\"@id\":\"https:\/\/digitalmemories.be\/#\/schema\/person\/9b37fcaaec36010f8a45969703fe2ae6\",\"name\":\"Digital Memories\",\"image\":{\"@type\":\"ImageObject\",\"@id\":\"https:\/\/digitalmemories.be\/#personlogo\",\"inLanguage\":\"es\",\"url\":\"https:\/\/digitalmemories.be\/wp-content\/uploads\/2020\/03\/DMLogo-2.jpg\",\"contentUrl\":\"https:\/\/digitalmemories.be\/wp-content\/uploads\/2020\/03\/DMLogo-2.jpg\",\"caption\":\"Digital Memories\"},\"url\":\"https:\/\/digitalmemories.be\/?author=2\"}]}<\/script>\n<!-- \/ Yoast SEO plugin. -->","_links":{"self":[{"href":"https:\/\/digitalmemories.be\/index.php?rest_route=\/wp\/v2\/posts\/6670"}],"collection":[{"href":"https:\/\/digitalmemories.be\/index.php?rest_route=\/wp\/v2\/posts"}],"about":[{"href":"https:\/\/digitalmemories.be\/index.php?rest_route=\/wp\/v2\/types\/post"}],"author":[{"embeddable":true,"href":"https:\/\/digitalmemories.be\/index.php?rest_route=\/wp\/v2\/users\/2"}],"replies":[{"embeddable":true,"href":"https:\/\/digitalmemories.be\/index.php?rest_route=%2Fwp%2Fv2%2Fcomments&post=6670"}],"version-history":[{"count":5,"href":"https:\/\/digitalmemories.be\/index.php?rest_route=\/wp\/v2\/posts\/6670\/revisions"}],"predecessor-version":[{"id":6676,"href":"https:\/\/digitalmemories.be\/index.php?rest_route=\/wp\/v2\/posts\/6670\/revisions\/6676"}],"wp:attachment":[{"href":"https:\/\/digitalmemories.be\/index.php?rest_route=%2Fwp%2Fv2%2Fmedia&parent=6670"}],"wp:term":[{"taxonomy":"category","embeddable":true,"href":"https:\/\/digitalmemories.be\/index.php?rest_route=%2Fwp%2Fv2%2Fcategories&post=6670"},{"taxonomy":"post_tag","embeddable":true,"href":"https:\/\/digitalmemories.be\/index.php?rest_route=%2Fwp%2Fv2%2Ftags&post=6670"}],"curies":[{"name":"wp","href":"https:\/\/api.w.org\/{rel}","templated":true}]}}