{"id":6652,"date":"2019-04-14T19:04:05","date_gmt":"2019-04-14T19:04:05","guid":{"rendered":"http:\/\/digitalmemories.be\/?p=6652"},"modified":"2020-04-14T19:13:27","modified_gmt":"2020-04-14T19:13:27","slug":"seminario-retos-para-alcanzar-la-verdad-justicia-y-reparacion-en-contextos-de-violencia-continua-en-america-latina","status":"publish","type":"post","link":"https:\/\/digitalmemories.be\/?p=6652","title":{"rendered":"Seminario: Retos para alcanzar la verdad, justicia y reparaci\u00f3n en contextos de violencia continua en Am\u00e9rica Latina"},"content":{"rendered":"[vc_row type=\u00bbin_container\u00bb full_screen_row_position=\u00bbmiddle\u00bb column_margin=\u00bbdefault\u00bb scene_position=\u00bbcenter\u00bb text_color=\u00bbdark\u00bb text_align=\u00bbleft\u00bb bottom_padding=\u00bb60&#8243; overlay_strength=\u00bb0.3&#8243; shape_divider_position=\u00bbbottom\u00bb bg_image_animation=\u00bbnone\u00bb][vc_column column_padding=\u00bbno-extra-padding\u00bb column_padding_position=\u00bball\u00bb background_color_opacity=\u00bb1&#8243; background_hover_color_opacity=\u00bb1&#8243; column_link_target=\u00bb_self\u00bb column_shadow=\u00bbnone\u00bb column_border_radius=\u00bbnone\u00bb width=\u00bb1\/1&#8243; tablet_width_inherit=\u00bbdefault\u00bb tablet_text_alignment=\u00bbdefault\u00bb phone_text_alignment=\u00bbdefault\u00bb overlay_strength=\u00bb0.3&#8243; column_border_width=\u00bbnone\u00bb column_border_style=\u00bbsolid\u00bb bg_image_animation=\u00bbnone\u00bb][image_with_animation image_url=\u00bb6654&#8243; alignment=\u00bbcenter\u00bb animation=\u00bbFade In\u00bb hover_animation=\u00bbnone\u00bb border_radius=\u00bbnone\u00bb box_shadow=\u00bbnone\u00bb image_loading=\u00bbdefault\u00bb max_width=\u00bb100%\u00bb max_width_mobile=\u00bbdefault\u00bb][vc_column_text]\n<h3 style=\"text-align: justify;\"><\/h3>\n<div class=\"post_info_content\">\n<div class=\"post_info_content\">\n<h6 style=\"text-align: justify;\"><strong>Retos para alcanzar la verdad, justicia y reparaci\u00f3n en contextos de violencia continua en Am\u00e9rica Latina: reflexiones del Dr. Carlos Beristain<\/strong><\/h6>\n<p style=\"text-align: justify;\">En el continente Latinoamericano ha habido varios procesos importantes de justicia transicional para enfrentar a los cr\u00edmenes cometidos en el marco de dictaduras militares y\/o conflictos armados internos. Estos procesos para obtener la verdad, justicia, reparaci\u00f3n y no-repetici\u00f3n de tales hechos hoy en d\u00eda son referentes en el \u00e1mbito de la justicia transicional.<\/p>\n<p style=\"text-align: justify;\">Sin embargo, hoy se presentan nuevas formas de violencia, donde los perpetradores de atrocidades incluyen autoridades y diferentes grupos\/actores no-estatales y las v\u00edctimas no necesariamente pertenecen a grupos (pol\u00edticos) claramente identificables. Asimismo, la complejidad de la violencia y las violaciones a derechos humanos crean la necesidad de tomar medidas tradicionalmente vinculadas a la justicia <em>transicional <\/em>en contextos de violencia continua.<\/p>\n<p style=\"text-align: justify;\">En este seminario conversamos sobre los retos que se presentan en contextos de violencia actuales en Am\u00e9rica Latina, especialmente en Colombia y M\u00e9xico, con el Dr. Carlos Mart\u00edn Beristain. Carlos Beristain es catedr\u00e1tico en la Universidad del Pa\u00eds Vasco (UPV) en San Sebasti\u00e1n, m\u00e9dico y doctor en Psicolog\u00eda con extensa experiencia de trabajo en comisiones de la verdad en diferentes pa\u00edses Latinoamericanos y especialista en temas de verdad y reparaci\u00f3n. Actualmente es integrante de la Comisi\u00f3n de la Verdad en Colombia y form\u00f3 parte del Grupo Interdisciplinario de Expertos Independientes (GIEI) para el caso de 43 estudiantes de Ayotzinapa, Guerrero, desaparecidos en M\u00e9xico en 2014.<\/p>\n<p style=\"text-align: justify;\"><strong>Organizaci\u00f3n:<\/strong><\/p>\n<p style=\"text-align: justify;\">El seminario fue una iniciativa conjunta del proyecto \u201cDigital Memories\u201d (KU Leuven), Leuven Institute of Criminology y the Belgian Ministry of Foreign Affairs y cuenta con la financiaci\u00f3n de European Research Council.<\/p>\n<p style=\"text-align: justify;\">Con el auspicio de European Research Council, Belgian Ministry of Foreign Affairs, and the Fund on Transitional Justice (KU Leuven).<\/p>\n<p style=\"text-align: justify;\"><strong>Lugar:<\/strong><\/p>\n<p style=\"text-align: justify;\">FPS Foreign Affairs, Foreign Trade and Development Cooperation \/ Rue des Petits Carmes \/ Karmelietenstraat 15 1000 Brussels\u00a0\u2013\u00a0Press Room<\/p>\n<\/div>\n<\/div>\n[\/vc_column_text][\/vc_column][\/vc_row]\n","protected":false},"excerpt":{"rendered":"<p>[vc_row type=\u00bbin_container\u00bb full_screen_row_position=\u00bbmiddle\u00bb column_margin=\u00bbdefault\u00bb scene_position=\u00bbcenter\u00bb text_color=\u00bbdark\u00bb text_align=\u00bbleft\u00bb bottom_padding=\u00bb60&#8243; overlay_strength=\u00bb0.3&#8243; shape_divider_position=\u00bbbottom\u00bb bg_image_animation=\u00bbnone\u00bb][vc_column column_padding=\u00bbno-extra-padding\u00bb column_padding_position=\u00bball\u00bb background_color_opacity=\u00bb1&#8243; background_hover_color_opacity=\u00bb1&#8243; column_link_target=\u00bb_self\u00bb column_shadow=\u00bbnone\u00bb column_border_radius=\u00bbnone\u00bb width=\u00bb1\/1&#8243; tablet_width_inherit=\u00bbdefault\u00bb tablet_text_alignment=\u00bbdefault\u00bb phone_text_alignment=\u00bbdefault\u00bb overlay_strength=\u00bb0.3&#8243; column_border_width=\u00bbnone\u00bb column_border_style=\u00bbsolid\u00bb bg_image_animation=\u00bbnone\u00bb][image_with_animation image_url=\u00bb6654&#8243; alignment=\u00bbcenter\u00bb animation=\u00bbFade In\u00bb&#8230;<\/p>\n","protected":false},"author":1,"featured_media":0,"comment_status":"closed","ping_status":"closed","sticky":false,"template":"","format":"standard","meta":[],"categories":[44,39],"tags":[],"yoast_head":"<!-- This site is optimized with the Yoast SEO plugin v16.4 - https:\/\/yoast.com\/wordpress\/plugins\/seo\/ -->\n<title>Seminario: Retos para alcanzar la verdad, justicia y reparaci\u00f3n en contextos de violencia continua en Am\u00e9rica Latina - Digital Memories<\/title>\n<meta name=\"robots\" content=\"index, follow, max-snippet:-1, max-image-preview:large, max-video-preview:-1\" \/>\n<link rel=\"canonical\" href=\"https:\/\/digitalmemories.be\/?p=6652\" \/>\n<meta property=\"og:locale\" content=\"es_ES\" \/>\n<meta property=\"og:type\" content=\"article\" \/>\n<meta property=\"og:title\" content=\"Seminario: Retos para alcanzar la verdad, justicia y reparaci\u00f3n en contextos de violencia continua en Am\u00e9rica Latina - Digital Memories\" \/>\n<meta property=\"og:description\" content=\"[vc_row type=\u00bbin_container\u00bb full_screen_row_position=\u00bbmiddle\u00bb column_margin=\u00bbdefault\u00bb scene_position=\u00bbcenter\u00bb text_color=\u00bbdark\u00bb text_align=\u00bbleft\u00bb bottom_padding=\u00bb60&#8243; overlay_strength=\u00bb0.3&#8243; shape_divider_position=\u00bbbottom\u00bb bg_image_animation=\u00bbnone\u00bb][vc_column column_padding=\u00bbno-extra-padding\u00bb column_padding_position=\u00bball\u00bb background_color_opacity=\u00bb1&#8243; background_hover_color_opacity=\u00bb1&#8243; column_link_target=\u00bb_self\u00bb column_shadow=\u00bbnone\u00bb column_border_radius=\u00bbnone\u00bb width=\u00bb1\/1&#8243; tablet_width_inherit=\u00bbdefault\u00bb tablet_text_alignment=\u00bbdefault\u00bb phone_text_alignment=\u00bbdefault\u00bb overlay_strength=\u00bb0.3&#8243; column_border_width=\u00bbnone\u00bb column_border_style=\u00bbsolid\u00bb bg_image_animation=\u00bbnone\u00bb][image_with_animation image_url=\u00bb6654&#8243; alignment=\u00bbcenter\u00bb animation=\u00bbFade In\u00bb...\" \/>\n<meta property=\"og:url\" content=\"https:\/\/digitalmemories.be\/?p=6652\" \/>\n<meta property=\"og:site_name\" content=\"Digital Memories\" \/>\n<meta property=\"article:published_time\" content=\"2019-04-14T19:04:05+00:00\" \/>\n<meta property=\"article:modified_time\" content=\"2020-04-14T19:13:27+00:00\" \/>\n<meta name=\"twitter:card\" content=\"summary_large_image\" \/>\n<meta name=\"twitter:label1\" content=\"Tiempo de lectura\" \/>\n\t<meta name=\"twitter:data1\" content=\"2 minutos\" \/>\n<script type=\"application\/ld+json\" class=\"yoast-schema-graph\">{\"@context\":\"https:\/\/schema.org\",\"@graph\":[{\"@type\":\"WebSite\",\"@id\":\"https:\/\/digitalmemories.be\/#website\",\"url\":\"https:\/\/digitalmemories.be\/\",\"name\":\"Digital Memories\",\"description\":\"\",\"potentialAction\":[{\"@type\":\"SearchAction\",\"target\":\"https:\/\/digitalmemories.be\/?s={search_term_string}\",\"query-input\":\"required name=search_term_string\"}],\"inLanguage\":\"es\"},{\"@type\":\"WebPage\",\"@id\":\"https:\/\/digitalmemories.be\/?p=6652#webpage\",\"url\":\"https:\/\/digitalmemories.be\/?p=6652\",\"name\":\"Seminario: Retos para alcanzar la verdad, justicia y reparaci\\u00f3n en contextos de violencia continua en Am\\u00e9rica Latina - Digital Memories\",\"isPartOf\":{\"@id\":\"https:\/\/digitalmemories.be\/#website\"},\"datePublished\":\"2019-04-14T19:04:05+00:00\",\"dateModified\":\"2020-04-14T19:13:27+00:00\",\"author\":{\"@id\":\"https:\/\/digitalmemories.be\/#\/schema\/person\/ba0f023ad87cd337ebb7c498d57e800d\"},\"breadcrumb\":{\"@id\":\"https:\/\/digitalmemories.be\/?p=6652#breadcrumb\"},\"inLanguage\":\"es\",\"potentialAction\":[{\"@type\":\"ReadAction\",\"target\":[\"https:\/\/digitalmemories.be\/?p=6652\"]}]},{\"@type\":\"BreadcrumbList\",\"@id\":\"https:\/\/digitalmemories.be\/?p=6652#breadcrumb\",\"itemListElement\":[{\"@type\":\"ListItem\",\"position\":1,\"item\":{\"@type\":\"WebPage\",\"@id\":\"https:\/\/digitalmemories.be\/\",\"url\":\"https:\/\/digitalmemories.be\/\",\"name\":\"Portada\"}},{\"@type\":\"ListItem\",\"position\":2,\"item\":{\"@id\":\"https:\/\/digitalmemories.be\/?p=6652#webpage\"}}]},{\"@type\":\"Person\",\"@id\":\"https:\/\/digitalmemories.be\/#\/schema\/person\/ba0f023ad87cd337ebb7c498d57e800d\",\"name\":\"Mr Addison\",\"image\":{\"@type\":\"ImageObject\",\"@id\":\"https:\/\/digitalmemories.be\/#personlogo\",\"inLanguage\":\"es\",\"url\":\"https:\/\/digitalmemories.be\/wp-content\/uploads\/2020\/03\/Logo-Mr-Addison-negro.png\",\"contentUrl\":\"https:\/\/digitalmemories.be\/wp-content\/uploads\/2020\/03\/Logo-Mr-Addison-negro.png\",\"caption\":\"Mr Addison\"},\"url\":\"https:\/\/digitalmemories.be\/?author=1\"}]}<\/script>\n<!-- \/ Yoast SEO plugin. -->","_links":{"self":[{"href":"https:\/\/digitalmemories.be\/index.php?rest_route=\/wp\/v2\/posts\/6652"}],"collection":[{"href":"https:\/\/digitalmemories.be\/index.php?rest_route=\/wp\/v2\/posts"}],"about":[{"href":"https:\/\/digitalmemories.be\/index.php?rest_route=\/wp\/v2\/types\/post"}],"author":[{"embeddable":true,"href":"https:\/\/digitalmemories.be\/index.php?rest_route=\/wp\/v2\/users\/1"}],"replies":[{"embeddable":true,"href":"https:\/\/digitalmemories.be\/index.php?rest_route=%2Fwp%2Fv2%2Fcomments&post=6652"}],"version-history":[{"count":2,"href":"https:\/\/digitalmemories.be\/index.php?rest_route=\/wp\/v2\/posts\/6652\/revisions"}],"predecessor-version":[{"id":6655,"href":"https:\/\/digitalmemories.be\/index.php?rest_route=\/wp\/v2\/posts\/6652\/revisions\/6655"}],"wp:attachment":[{"href":"https:\/\/digitalmemories.be\/index.php?rest_route=%2Fwp%2Fv2%2Fmedia&parent=6652"}],"wp:term":[{"taxonomy":"category","embeddable":true,"href":"https:\/\/digitalmemories.be\/index.php?rest_route=%2Fwp%2Fv2%2Fcategories&post=6652"},{"taxonomy":"post_tag","embeddable":true,"href":"https:\/\/digitalmemories.be\/index.php?rest_route=%2Fwp%2Fv2%2Ftags&post=6652"}],"curies":[{"name":"wp","href":"https:\/\/api.w.org\/{rel}","templated":true}]}}