{"id":6586,"date":"2018-04-03T16:36:04","date_gmt":"2018-04-03T16:36:04","guid":{"rendered":"http:\/\/digitalmemories.be\/?p=6586"},"modified":"2020-04-14T17:11:43","modified_gmt":"2020-04-14T17:11:43","slug":"memory-as-de-facement-comparative-memories-of-conflict-seminar-2","status":"publish","type":"post","link":"https:\/\/digitalmemories.be\/?p=6586&lang=en","title":{"rendered":"Memory as De-Facement \u2013 \u2018Comparative Memories of Conflict\u2019 Seminar"},"content":{"rendered":"[vc_row type=\u00bbin_container\u00bb full_screen_row_position=\u00bbmiddle\u00bb column_margin=\u00bbdefault\u00bb scene_position=\u00bbcenter\u00bb text_color=\u00bbdark\u00bb text_align=\u00bbleft\u00bb bottom_padding=\u00bb60&#8243; overlay_strength=\u00bb0.3&#8243; shape_divider_position=\u00bbbottom\u00bb bg_image_animation=\u00bbnone\u00bb][vc_column column_padding=\u00bbno-extra-padding\u00bb column_padding_position=\u00bball\u00bb background_color_opacity=\u00bb1&#8243; background_hover_color_opacity=\u00bb1&#8243; column_link_target=\u00bb_self\u00bb column_shadow=\u00bbnone\u00bb column_border_radius=\u00bbnone\u00bb width=\u00bb1\/1&#8243; tablet_width_inherit=\u00bbdefault\u00bb tablet_text_alignment=\u00bbdefault\u00bb phone_text_alignment=\u00bbdefault\u00bb overlay_strength=\u00bb0.3&#8243; column_border_width=\u00bbnone\u00bb column_border_style=\u00bbsolid\u00bb bg_image_animation=\u00bbnone\u00bb][image_with_animation image_url=\u00bb6443&#8243; alignment=\u00bbcenter\u00bb animation=\u00bbFade In\u00bb hover_animation=\u00bbnone\u00bb border_radius=\u00bbnone\u00bb box_shadow=\u00bbnone\u00bb image_loading=\u00bbdefault\u00bb max_width=\u00bb100%\u00bb max_width_mobile=\u00bbdefault\u00bb][vc_column_text]\n<h3 style=\"text-align: justify;\"><\/h3>\n<div class=\"post_info_content\">\n<h3><a title=\"Memory as De-Facement \u2013 \u2018Comparative Memories of Conflict\u2019 Seminar\" href=\"http:\/\/digitalmemories.be\/2018\/09\/10\/memory-as-de-facement-comparative-memories-of-conflict-seminar\/\">Memory as De-Facement \u2013 \u2018Comparative Memories of Conflict\u2019 Seminar<\/a><\/h3>\n<div class=\"post_info_content\">\n<p>Conferencia magistral en el Seminario \u201c<a href=\"https:\/\/www.liverpool.ac.uk\/events\/event\/?eventid=88144\">Comparative Memories of Conflict\u00bb, Universidad de Liverpool<\/a>, 24 de abril de 2018.<\/p>\n<p>Abstract<\/p>\n<p>Este art\u00edculo explora el uso del rostro como un dispositivo mnem\u00f3nico en el activismo contra la desaparici\u00f3n de los 43 estudiantes de Ayotzinapa. En muchas de estas iniciativas de memoria que tienen lugar en el entorno digital, el rostro ocupa un papel central: \u00abIlustradores por Ayotzinapa\u00bb, \u00abNivel de confianza\u00bb de Rafael Lozano-Hemmer, \u00abHermano\u00bb de Gabriela Esparza Robles, \u00ab43 Papalotes\u00bb por Francisco Toledo, \u00abAyotzinapa: Visual Action\u00bb de Marcelo Brodsky, son solo algunos ejemplos.<\/p>\n<p>La presentaci\u00f3n tiene como objetivo examinar este dispositivo de memoria siguiendo dos l\u00edneas de investigaci\u00f3n: por un lado, el predominio del rostro puede considerarse como una continuaci\u00f3n del uso de fotograf\u00edas popularizadas en los a\u00f1os 70 para devolver la individualidad a los desaparecidos, impugnando al Estado que busca eliminar cualquier rastro del ciudadano. Por otro lado, en muchas de estas iniciativas se propone el rostro, en l\u00ednea con el retrato cl\u00e1sico, como un lugar de encuentro de dos subjetividades: el sujeto que mira y el sujeto que es mirado. \u00bfQu\u00e9 sucede a trav\u00e9s de \/ en ese encuentro? \u00bfHasta qu\u00e9 punto se cuestiona y reconfigura la identidad cuando se mira al espejo del \u00abotro\u00bb desaparecido?<\/p>\n<p>Este encuentro entre dos subjetividades resuena fuertemente contra el fen\u00f3meno cultural de la selfie, en el que el autorretrato se caracteriza por la ausencia del otro, reemplazado por la tecnolog\u00eda digital. Estas iniciativas cuestionan el fen\u00f3meno de la desaparici\u00f3n de los estudiantes promoviendo la memoria como \u2018de-facement\u2019 en la intersecci\u00f3n de violencia pol\u00edtica y tecnolog\u00edas digitales del yo.<\/p>\n<\/div>\n<\/div>\n[\/vc_column_text][divider line_type=\u00bbNo Line\u00bb custom_height=\u00bb25&#8243;][vc_row_inner column_margin=\u00bbdefault\u00bb text_align=\u00bbleft\u00bb][vc_column_inner column_padding=\u00bbno-extra-padding\u00bb column_padding_position=\u00bball\u00bb background_color_opacity=\u00bb1&#8243; background_hover_color_opacity=\u00bb1&#8243; column_shadow=\u00bbnone\u00bb column_border_radius=\u00bbnone\u00bb column_link_target=\u00bb_self\u00bb width=\u00bb1\/6&#8243; tablet_width_inherit=\u00bbdefault\u00bb overlay_strength=\u00bb0.3&#8243; column_border_width=\u00bbnone\u00bb column_border_style=\u00bbsolid\u00bb bg_image_animation=\u00bbnone\u00bb][\/vc_column_inner][vc_column_inner column_padding=\u00bbno-extra-padding\u00bb column_padding_position=\u00bball\u00bb background_color_opacity=\u00bb1&#8243; background_hover_color_opacity=\u00bb1&#8243; column_shadow=\u00bbnone\u00bb column_border_radius=\u00bbnone\u00bb column_link_target=\u00bb_self\u00bb width=\u00bb2\/3&#8243; tablet_width_inherit=\u00bbdefault\u00bb overlay_strength=\u00bb0.3&#8243; column_border_width=\u00bbnone\u00bb column_border_style=\u00bbsolid\u00bb bg_image_animation=\u00bbnone\u00bb][\/vc_column_inner][vc_column_inner column_padding=\u00bbno-extra-padding\u00bb column_padding_position=\u00bball\u00bb background_color_opacity=\u00bb1&#8243; background_hover_color_opacity=\u00bb1&#8243; column_shadow=\u00bbnone\u00bb column_border_radius=\u00bbnone\u00bb column_link_target=\u00bb_self\u00bb width=\u00bb1\/6&#8243; tablet_width_inherit=\u00bbdefault\u00bb overlay_strength=\u00bb0.3&#8243; column_border_width=\u00bbnone\u00bb column_border_style=\u00bbsolid\u00bb bg_image_animation=\u00bbnone\u00bb][\/vc_column_inner][\/vc_row_inner][\/vc_column][\/vc_row]\n","protected":false},"excerpt":{"rendered":"<p>[vc_row type=\u00bbin_container\u00bb full_screen_row_position=\u00bbmiddle\u00bb column_margin=\u00bbdefault\u00bb scene_position=\u00bbcenter\u00bb text_color=\u00bbdark\u00bb text_align=\u00bbleft\u00bb bottom_padding=\u00bb60&#8243; overlay_strength=\u00bb0.3&#8243; shape_divider_position=\u00bbbottom\u00bb bg_image_animation=\u00bbnone\u00bb][vc_column column_padding=\u00bbno-extra-padding\u00bb column_padding_position=\u00bball\u00bb background_color_opacity=\u00bb1&#8243; background_hover_color_opacity=\u00bb1&#8243; column_link_target=\u00bb_self\u00bb column_shadow=\u00bbnone\u00bb column_border_radius=\u00bbnone\u00bb width=\u00bb1\/1&#8243; tablet_width_inherit=\u00bbdefault\u00bb tablet_text_alignment=\u00bbdefault\u00bb phone_text_alignment=\u00bbdefault\u00bb overlay_strength=\u00bb0.3&#8243; column_border_width=\u00bbnone\u00bb column_border_style=\u00bbsolid\u00bb bg_image_animation=\u00bbnone\u00bb][image_with_animation image_url=\u00bb6443&#8243; alignment=\u00bbcenter\u00bb animation=\u00bbFade In\u00bb&#8230;<\/p>\n","protected":false},"author":2,"featured_media":0,"comment_status":"closed","ping_status":"closed","sticky":false,"template":"","format":"standard","meta":[],"categories":[88,80],"tags":[],"yoast_head":"<!-- This site is optimized with the Yoast SEO plugin v16.4 - https:\/\/yoast.com\/wordpress\/plugins\/seo\/ -->\n<title>Memory as De-Facement \u2013 \u2018Comparative Memories of Conflict\u2019 Seminar - Digital Memories<\/title>\n<meta name=\"robots\" content=\"index, follow, max-snippet:-1, max-image-preview:large, max-video-preview:-1\" \/>\n<link rel=\"canonical\" href=\"https:\/\/digitalmemories.be\/?p=6586&#038;lang=en\" \/>\n<meta property=\"og:locale\" content=\"es_ES\" \/>\n<meta property=\"og:type\" content=\"article\" \/>\n<meta property=\"og:title\" content=\"Memory as De-Facement \u2013 \u2018Comparative Memories of Conflict\u2019 Seminar - Digital Memories\" \/>\n<meta property=\"og:description\" content=\"[vc_row type=\u00bbin_container\u00bb full_screen_row_position=\u00bbmiddle\u00bb column_margin=\u00bbdefault\u00bb scene_position=\u00bbcenter\u00bb text_color=\u00bbdark\u00bb text_align=\u00bbleft\u00bb bottom_padding=\u00bb60&#8243; overlay_strength=\u00bb0.3&#8243; shape_divider_position=\u00bbbottom\u00bb bg_image_animation=\u00bbnone\u00bb][vc_column column_padding=\u00bbno-extra-padding\u00bb column_padding_position=\u00bball\u00bb background_color_opacity=\u00bb1&#8243; background_hover_color_opacity=\u00bb1&#8243; column_link_target=\u00bb_self\u00bb column_shadow=\u00bbnone\u00bb column_border_radius=\u00bbnone\u00bb width=\u00bb1\/1&#8243; tablet_width_inherit=\u00bbdefault\u00bb tablet_text_alignment=\u00bbdefault\u00bb phone_text_alignment=\u00bbdefault\u00bb overlay_strength=\u00bb0.3&#8243; column_border_width=\u00bbnone\u00bb column_border_style=\u00bbsolid\u00bb bg_image_animation=\u00bbnone\u00bb][image_with_animation image_url=\u00bb6443&#8243; alignment=\u00bbcenter\u00bb animation=\u00bbFade In\u00bb...\" \/>\n<meta property=\"og:url\" content=\"https:\/\/digitalmemories.be\/?p=6586&amp;lang=en\" \/>\n<meta property=\"og:site_name\" content=\"Digital Memories\" \/>\n<meta property=\"article:published_time\" content=\"2018-04-03T16:36:04+00:00\" \/>\n<meta property=\"article:modified_time\" content=\"2020-04-14T17:11:43+00:00\" \/>\n<meta name=\"twitter:card\" content=\"summary_large_image\" \/>\n<meta name=\"twitter:label1\" content=\"Tiempo de lectura\" \/>\n\t<meta name=\"twitter:data1\" content=\"3 minutos\" \/>\n<script type=\"application\/ld+json\" class=\"yoast-schema-graph\">{\"@context\":\"https:\/\/schema.org\",\"@graph\":[{\"@type\":\"WebSite\",\"@id\":\"https:\/\/digitalmemories.be\/#website\",\"url\":\"https:\/\/digitalmemories.be\/\",\"name\":\"Digital Memories\",\"description\":\"\",\"potentialAction\":[{\"@type\":\"SearchAction\",\"target\":\"https:\/\/digitalmemories.be\/?s={search_term_string}\",\"query-input\":\"required name=search_term_string\"}],\"inLanguage\":\"es\"},{\"@type\":\"WebPage\",\"@id\":\"https:\/\/digitalmemories.be\/?p=6586&lang=en#webpage\",\"url\":\"https:\/\/digitalmemories.be\/?p=6586&lang=en\",\"name\":\"Memory as De-Facement \\u2013 \\u2018Comparative Memories of Conflict\\u2019 Seminar - Digital Memories\",\"isPartOf\":{\"@id\":\"https:\/\/digitalmemories.be\/#website\"},\"datePublished\":\"2018-04-03T16:36:04+00:00\",\"dateModified\":\"2020-04-14T17:11:43+00:00\",\"author\":{\"@id\":\"https:\/\/digitalmemories.be\/#\/schema\/person\/9b37fcaaec36010f8a45969703fe2ae6\"},\"breadcrumb\":{\"@id\":\"https:\/\/digitalmemories.be\/?p=6586&lang=en#breadcrumb\"},\"inLanguage\":\"es\",\"potentialAction\":[{\"@type\":\"ReadAction\",\"target\":[\"https:\/\/digitalmemories.be\/?p=6586&lang=en\"]}]},{\"@type\":\"BreadcrumbList\",\"@id\":\"https:\/\/digitalmemories.be\/?p=6586&lang=en#breadcrumb\",\"itemListElement\":[{\"@type\":\"ListItem\",\"position\":1,\"item\":{\"@type\":\"WebPage\",\"@id\":\"https:\/\/digitalmemories.be\/\",\"url\":\"https:\/\/digitalmemories.be\/\",\"name\":\"Portada\"}},{\"@type\":\"ListItem\",\"position\":2,\"item\":{\"@id\":\"https:\/\/digitalmemories.be\/?p=6586&lang=en#webpage\"}}]},{\"@type\":\"Person\",\"@id\":\"https:\/\/digitalmemories.be\/#\/schema\/person\/9b37fcaaec36010f8a45969703fe2ae6\",\"name\":\"Digital Memories\",\"image\":{\"@type\":\"ImageObject\",\"@id\":\"https:\/\/digitalmemories.be\/#personlogo\",\"inLanguage\":\"es\",\"url\":\"https:\/\/digitalmemories.be\/wp-content\/uploads\/2020\/03\/DMLogo-2.jpg\",\"contentUrl\":\"https:\/\/digitalmemories.be\/wp-content\/uploads\/2020\/03\/DMLogo-2.jpg\",\"caption\":\"Digital Memories\"},\"url\":\"https:\/\/digitalmemories.be\/?author=2\"}]}<\/script>\n<!-- \/ Yoast SEO plugin. -->","_links":{"self":[{"href":"https:\/\/digitalmemories.be\/index.php?rest_route=\/wp\/v2\/posts\/6586"}],"collection":[{"href":"https:\/\/digitalmemories.be\/index.php?rest_route=\/wp\/v2\/posts"}],"about":[{"href":"https:\/\/digitalmemories.be\/index.php?rest_route=\/wp\/v2\/types\/post"}],"author":[{"embeddable":true,"href":"https:\/\/digitalmemories.be\/index.php?rest_route=\/wp\/v2\/users\/2"}],"replies":[{"embeddable":true,"href":"https:\/\/digitalmemories.be\/index.php?rest_route=%2Fwp%2Fv2%2Fcomments&post=6586"}],"version-history":[{"count":1,"href":"https:\/\/digitalmemories.be\/index.php?rest_route=\/wp\/v2\/posts\/6586\/revisions"}],"predecessor-version":[{"id":6587,"href":"https:\/\/digitalmemories.be\/index.php?rest_route=\/wp\/v2\/posts\/6586\/revisions\/6587"}],"wp:attachment":[{"href":"https:\/\/digitalmemories.be\/index.php?rest_route=%2Fwp%2Fv2%2Fmedia&parent=6586"}],"wp:term":[{"taxonomy":"category","embeddable":true,"href":"https:\/\/digitalmemories.be\/index.php?rest_route=%2Fwp%2Fv2%2Fcategories&post=6586"},{"taxonomy":"post_tag","embeddable":true,"href":"https:\/\/digitalmemories.be\/index.php?rest_route=%2Fwp%2Fv2%2Ftags&post=6586"}],"curies":[{"name":"wp","href":"https:\/\/api.w.org\/{rel}","templated":true}]}}