{"id":6461,"date":"2018-05-03T15:08:04","date_gmt":"2018-05-03T15:08:04","guid":{"rendered":"http:\/\/digitalmemories.be\/?p=6461"},"modified":"2020-03-23T14:58:08","modified_gmt":"2020-03-23T14:58:08","slug":"xxxvi-international-congress-of-the-latin-american-studies-association","status":"publish","type":"post","link":"https:\/\/digitalmemories.be\/?p=6461","title":{"rendered":"XXXVI International Congress of the Latin American Studies Association"},"content":{"rendered":"[vc_row type=\u00bbin_container\u00bb full_screen_row_position=\u00bbmiddle\u00bb column_margin=\u00bbdefault\u00bb scene_position=\u00bbcenter\u00bb text_color=\u00bbdark\u00bb text_align=\u00bbleft\u00bb bottom_padding=\u00bb60&#8243; overlay_strength=\u00bb0.3&#8243; shape_divider_position=\u00bbbottom\u00bb bg_image_animation=\u00bbnone\u00bb][vc_column column_padding=\u00bbno-extra-padding\u00bb column_padding_position=\u00bball\u00bb background_color_opacity=\u00bb1&#8243; background_hover_color_opacity=\u00bb1&#8243; column_link_target=\u00bb_self\u00bb column_shadow=\u00bbnone\u00bb column_border_radius=\u00bbnone\u00bb width=\u00bb1\/1&#8243; tablet_width_inherit=\u00bbdefault\u00bb tablet_text_alignment=\u00bbdefault\u00bb phone_text_alignment=\u00bbdefault\u00bb overlay_strength=\u00bb0.3&#8243; column_border_width=\u00bbnone\u00bb column_border_style=\u00bbsolid\u00bb bg_image_animation=\u00bbnone\u00bb][image_with_animation image_url=\u00bb6443&#8243; alignment=\u00bbcenter\u00bb animation=\u00bbFade In\u00bb hover_animation=\u00bbnone\u00bb border_radius=\u00bbnone\u00bb box_shadow=\u00bbnone\u00bb image_loading=\u00bbdefault\u00bb max_width=\u00bb100%\u00bb max_width_mobile=\u00bbdefault\u00bb][vc_column_text]\n<h3 style=\"text-align: justify;\"><\/h3>\n<div class=\"post_info_content\">\n<h3 style=\"text-align: justify;\"><a title=\"XXXVI International Congress of the Latin American Studies Association\" href=\"http:\/\/digitalmemories.be\/2018\/09\/10\/xxxvi-international-congress-of-the-latin-american-studies-association\/\">XXXVI International Congress of the Latin American Studies Association<\/a><\/h3>\n<div class=\"post_info_content\">\n<p style=\"text-align: justify;\">Panel \u201cAfecto, Cultura Digital y Memoria Transnacional en Am\u00e9rica Latina\u201d presentado en el<a href=\"https:\/\/lasa.international.pitt.edu\/eng\/lasa2018_archive\/index.asp\"> XXXVI International Congress of the Latin American Studies Association LASA 2018<\/a> \/ \u2018Latin American Studies in a Globalized World\u2019, Barcelona, Espa\u00f1a, 23-26 mayo 2018.<\/p>\n<p style=\"text-align: justify;\">En las \u00faltimas d\u00e9cadas, el surgimiento de la \u00abecolog\u00eda digital\u00bb ha marcado un cambio en la memoria cultural y en las campa\u00f1as de solidaridad. Los nuevos medios no solo implican la aparici\u00f3n de nuevos (ciber) activismos y alianzas transnacionales, sino tambi\u00e9n reconfiguran conceptos claves de los estudios de memoria como \u00abarchivo\u00bb y lieux de m\u00e9moire. Este panel aborda las <strong>comunidades afectivas originadas en el mundo digital alrededor de hashtags como #AyotzinapaSomosTodos y #NiUnaMenos<\/strong>. Se cuestiona qu\u00e9 tan radicalmente diferentes son las memorias mediadas digitalmente de las anal\u00f3gicas y en qu\u00e9 medida estos hashtags desaf\u00edan las agendas pol\u00edticas m\u00e1s all\u00e1 de las conversaciones iniciales que se desencadenan en la web.<\/p>\n<p style=\"text-align: justify;\">Session Organizer: Jordana Blejmar, University of Liverpool<\/p>\n<p style=\"text-align: justify;\">Chair: Emma Fabiola Navarro, KU Leuven<\/p>\n<p style=\"text-align: justify;\">Discussant: Joanna E Page, University of Cambridge<\/p>\n<p style=\"text-align: justify;\"><a href=\"https:\/\/www.facebook.com\/hashtag\/womenstrike2017?source=feed_text&amp;__xts__%5B0%5D=68.ARDcsLy_H2emBYqo0Zn1iumVgHuL201CRxY2Jgz-2idM9yfXAfikLNkwHwjaTjdGPVuY7m0K21b7NvFBx0OfEa6lXpzP4LeY3Exr9l31JIPtV8kqwJbKLnE4ohldSOczFKwRso3HQ651uyrIwYB7_4tT5gJFQ0QFmvQqwrfPuDY7Z5NNlQ6RZw&amp;__tn__=%2ANK-R\">#womenstrike2017<\/a>: Emancipation, Affect and History: Cecilia Macon, University of Buenos Aires<\/p>\n<p style=\"text-align: justify;\">Post-Truth, Social Networks and Photography in the Search for the New Disappeared: Jordana Blejmar, University of Liverpool<\/p>\n<p style=\"text-align: justify;\">Photography as Commemoration and Communion: the Affective Quality of the Digital Image: Silvana Mandolessi, KU Leuven<\/p>\n<p style=\"text-align: justify;\">Identity and Anonymity in the Online \/ In Situ Protests Against Homicides in Mexico (2010-2012): Katia Olalde Rico, KU Leuven<\/p>\n<\/div>\n<\/div>\n[\/vc_column_text][divider line_type=\u00bbNo Line\u00bb custom_height=\u00bb25&#8243;][vc_row_inner column_margin=\u00bbdefault\u00bb text_align=\u00bbleft\u00bb][vc_column_inner column_padding=\u00bbno-extra-padding\u00bb column_padding_position=\u00bball\u00bb background_color_opacity=\u00bb1&#8243; background_hover_color_opacity=\u00bb1&#8243; column_shadow=\u00bbnone\u00bb column_border_radius=\u00bbnone\u00bb column_link_target=\u00bb_self\u00bb width=\u00bb1\/6&#8243; tablet_width_inherit=\u00bbdefault\u00bb overlay_strength=\u00bb0.3&#8243; column_border_width=\u00bbnone\u00bb column_border_style=\u00bbsolid\u00bb bg_image_animation=\u00bbnone\u00bb][\/vc_column_inner][vc_column_inner column_padding=\u00bbno-extra-padding\u00bb column_padding_position=\u00bball\u00bb background_color_opacity=\u00bb1&#8243; background_hover_color_opacity=\u00bb1&#8243; column_shadow=\u00bbnone\u00bb column_border_radius=\u00bbnone\u00bb column_link_target=\u00bb_self\u00bb width=\u00bb2\/3&#8243; tablet_width_inherit=\u00bbdefault\u00bb overlay_strength=\u00bb0.3&#8243; column_border_width=\u00bbnone\u00bb column_border_style=\u00bbsolid\u00bb bg_image_animation=\u00bbnone\u00bb][\/vc_column_inner][vc_column_inner column_padding=\u00bbno-extra-padding\u00bb column_padding_position=\u00bball\u00bb background_color_opacity=\u00bb1&#8243; background_hover_color_opacity=\u00bb1&#8243; column_shadow=\u00bbnone\u00bb column_border_radius=\u00bbnone\u00bb column_link_target=\u00bb_self\u00bb width=\u00bb1\/6&#8243; tablet_width_inherit=\u00bbdefault\u00bb overlay_strength=\u00bb0.3&#8243; column_border_width=\u00bbnone\u00bb column_border_style=\u00bbsolid\u00bb bg_image_animation=\u00bbnone\u00bb][\/vc_column_inner][\/vc_row_inner][\/vc_column][\/vc_row]\n","protected":false},"excerpt":{"rendered":"<p>[vc_row type=\u00bbin_container\u00bb full_screen_row_position=\u00bbmiddle\u00bb column_margin=\u00bbdefault\u00bb scene_position=\u00bbcenter\u00bb text_color=\u00bbdark\u00bb text_align=\u00bbleft\u00bb bottom_padding=\u00bb60&#8243; overlay_strength=\u00bb0.3&#8243; shape_divider_position=\u00bbbottom\u00bb bg_image_animation=\u00bbnone\u00bb][vc_column column_padding=\u00bbno-extra-padding\u00bb column_padding_position=\u00bball\u00bb background_color_opacity=\u00bb1&#8243; background_hover_color_opacity=\u00bb1&#8243; column_link_target=\u00bb_self\u00bb column_shadow=\u00bbnone\u00bb column_border_radius=\u00bbnone\u00bb width=\u00bb1\/1&#8243; tablet_width_inherit=\u00bbdefault\u00bb tablet_text_alignment=\u00bbdefault\u00bb phone_text_alignment=\u00bbdefault\u00bb overlay_strength=\u00bb0.3&#8243; column_border_width=\u00bbnone\u00bb column_border_style=\u00bbsolid\u00bb bg_image_animation=\u00bbnone\u00bb][image_with_animation image_url=\u00bb6443&#8243; alignment=\u00bbcenter\u00bb animation=\u00bbFade In\u00bb&#8230;<\/p>\n","protected":false},"author":2,"featured_media":0,"comment_status":"closed","ping_status":"closed","sticky":false,"template":"","format":"standard","meta":[],"categories":[45,42],"tags":[],"yoast_head":"<!-- This site is optimized with the Yoast SEO plugin v16.4 - https:\/\/yoast.com\/wordpress\/plugins\/seo\/ -->\n<title>XXXVI International Congress of the Latin American Studies Association - Digital Memories<\/title>\n<meta name=\"robots\" content=\"index, follow, max-snippet:-1, max-image-preview:large, max-video-preview:-1\" \/>\n<link rel=\"canonical\" href=\"https:\/\/digitalmemories.be\/?p=6461\" \/>\n<meta property=\"og:locale\" content=\"es_ES\" \/>\n<meta property=\"og:type\" content=\"article\" \/>\n<meta property=\"og:title\" content=\"XXXVI International Congress of the Latin American Studies Association - Digital Memories\" \/>\n<meta property=\"og:description\" content=\"[vc_row type=\u00bbin_container\u00bb full_screen_row_position=\u00bbmiddle\u00bb column_margin=\u00bbdefault\u00bb scene_position=\u00bbcenter\u00bb text_color=\u00bbdark\u00bb text_align=\u00bbleft\u00bb bottom_padding=\u00bb60&#8243; overlay_strength=\u00bb0.3&#8243; shape_divider_position=\u00bbbottom\u00bb bg_image_animation=\u00bbnone\u00bb][vc_column column_padding=\u00bbno-extra-padding\u00bb column_padding_position=\u00bball\u00bb background_color_opacity=\u00bb1&#8243; background_hover_color_opacity=\u00bb1&#8243; column_link_target=\u00bb_self\u00bb column_shadow=\u00bbnone\u00bb column_border_radius=\u00bbnone\u00bb width=\u00bb1\/1&#8243; tablet_width_inherit=\u00bbdefault\u00bb tablet_text_alignment=\u00bbdefault\u00bb phone_text_alignment=\u00bbdefault\u00bb overlay_strength=\u00bb0.3&#8243; column_border_width=\u00bbnone\u00bb column_border_style=\u00bbsolid\u00bb bg_image_animation=\u00bbnone\u00bb][image_with_animation image_url=\u00bb6443&#8243; alignment=\u00bbcenter\u00bb animation=\u00bbFade In\u00bb...\" \/>\n<meta property=\"og:url\" content=\"https:\/\/digitalmemories.be\/?p=6461\" \/>\n<meta property=\"og:site_name\" content=\"Digital Memories\" \/>\n<meta property=\"article:published_time\" content=\"2018-05-03T15:08:04+00:00\" \/>\n<meta property=\"article:modified_time\" content=\"2020-03-23T14:58:08+00:00\" \/>\n<meta name=\"twitter:card\" content=\"summary_large_image\" \/>\n<meta name=\"twitter:label1\" content=\"Tiempo de lectura\" \/>\n\t<meta name=\"twitter:data1\" content=\"3 minutos\" \/>\n<script type=\"application\/ld+json\" class=\"yoast-schema-graph\">{\"@context\":\"https:\/\/schema.org\",\"@graph\":[{\"@type\":\"WebSite\",\"@id\":\"https:\/\/digitalmemories.be\/#website\",\"url\":\"https:\/\/digitalmemories.be\/\",\"name\":\"Digital Memories\",\"description\":\"\",\"potentialAction\":[{\"@type\":\"SearchAction\",\"target\":\"https:\/\/digitalmemories.be\/?s={search_term_string}\",\"query-input\":\"required name=search_term_string\"}],\"inLanguage\":\"es\"},{\"@type\":\"WebPage\",\"@id\":\"https:\/\/digitalmemories.be\/?p=6461#webpage\",\"url\":\"https:\/\/digitalmemories.be\/?p=6461\",\"name\":\"XXXVI International Congress of the Latin American Studies Association - Digital Memories\",\"isPartOf\":{\"@id\":\"https:\/\/digitalmemories.be\/#website\"},\"datePublished\":\"2018-05-03T15:08:04+00:00\",\"dateModified\":\"2020-03-23T14:58:08+00:00\",\"author\":{\"@id\":\"https:\/\/digitalmemories.be\/#\/schema\/person\/9b37fcaaec36010f8a45969703fe2ae6\"},\"breadcrumb\":{\"@id\":\"https:\/\/digitalmemories.be\/?p=6461#breadcrumb\"},\"inLanguage\":\"es\",\"potentialAction\":[{\"@type\":\"ReadAction\",\"target\":[\"https:\/\/digitalmemories.be\/?p=6461\"]}]},{\"@type\":\"BreadcrumbList\",\"@id\":\"https:\/\/digitalmemories.be\/?p=6461#breadcrumb\",\"itemListElement\":[{\"@type\":\"ListItem\",\"position\":1,\"item\":{\"@type\":\"WebPage\",\"@id\":\"https:\/\/digitalmemories.be\/\",\"url\":\"https:\/\/digitalmemories.be\/\",\"name\":\"Portada\"}},{\"@type\":\"ListItem\",\"position\":2,\"item\":{\"@id\":\"https:\/\/digitalmemories.be\/?p=6461#webpage\"}}]},{\"@type\":\"Person\",\"@id\":\"https:\/\/digitalmemories.be\/#\/schema\/person\/9b37fcaaec36010f8a45969703fe2ae6\",\"name\":\"Digital Memories\",\"image\":{\"@type\":\"ImageObject\",\"@id\":\"https:\/\/digitalmemories.be\/#personlogo\",\"inLanguage\":\"es\",\"url\":\"https:\/\/digitalmemories.be\/wp-content\/uploads\/2020\/03\/DMLogo-2.jpg\",\"contentUrl\":\"https:\/\/digitalmemories.be\/wp-content\/uploads\/2020\/03\/DMLogo-2.jpg\",\"caption\":\"Digital Memories\"},\"url\":\"https:\/\/digitalmemories.be\/?author=2\"}]}<\/script>\n<!-- \/ Yoast SEO plugin. -->","_links":{"self":[{"href":"https:\/\/digitalmemories.be\/index.php?rest_route=\/wp\/v2\/posts\/6461"}],"collection":[{"href":"https:\/\/digitalmemories.be\/index.php?rest_route=\/wp\/v2\/posts"}],"about":[{"href":"https:\/\/digitalmemories.be\/index.php?rest_route=\/wp\/v2\/types\/post"}],"author":[{"embeddable":true,"href":"https:\/\/digitalmemories.be\/index.php?rest_route=\/wp\/v2\/users\/2"}],"replies":[{"embeddable":true,"href":"https:\/\/digitalmemories.be\/index.php?rest_route=%2Fwp%2Fv2%2Fcomments&post=6461"}],"version-history":[{"count":1,"href":"https:\/\/digitalmemories.be\/index.php?rest_route=\/wp\/v2\/posts\/6461\/revisions"}],"predecessor-version":[{"id":6462,"href":"https:\/\/digitalmemories.be\/index.php?rest_route=\/wp\/v2\/posts\/6461\/revisions\/6462"}],"wp:attachment":[{"href":"https:\/\/digitalmemories.be\/index.php?rest_route=%2Fwp%2Fv2%2Fmedia&parent=6461"}],"wp:term":[{"taxonomy":"category","embeddable":true,"href":"https:\/\/digitalmemories.be\/index.php?rest_route=%2Fwp%2Fv2%2Fcategories&post=6461"},{"taxonomy":"post_tag","embeddable":true,"href":"https:\/\/digitalmemories.be\/index.php?rest_route=%2Fwp%2Fv2%2Ftags&post=6461"}],"curies":[{"name":"wp","href":"https:\/\/api.w.org\/{rel}","templated":true}]}}