{"id":6401,"date":"2020-03-02T15:34:17","date_gmt":"2020-03-02T15:34:17","guid":{"rendered":"http:\/\/digitalmemories.be\/?p=6401"},"modified":"2020-03-23T15:47:52","modified_gmt":"2020-03-23T15:47:52","slug":"derechos-humanos-y-justicia-transicional-en-mexico-2","status":"publish","type":"post","link":"https:\/\/digitalmemories.be\/?p=6401","title":{"rendered":"Workshop: Desaparici\u00f3n\/es en M\u00e9xico"},"content":{"rendered":"[vc_row type=\u00bbin_container\u00bb full_screen_row_position=\u00bbmiddle\u00bb column_margin=\u00bbdefault\u00bb scene_position=\u00bbcenter\u00bb text_color=\u00bbdark\u00bb text_align=\u00bbleft\u00bb bottom_padding=\u00bb60&#8243; overlay_strength=\u00bb0.3&#8243; shape_divider_position=\u00bbbottom\u00bb bg_image_animation=\u00bbnone\u00bb][vc_column column_padding=\u00bbno-extra-padding\u00bb column_padding_position=\u00bball\u00bb background_color_opacity=\u00bb1&#8243; background_hover_color_opacity=\u00bb1&#8243; column_link_target=\u00bb_self\u00bb column_shadow=\u00bbnone\u00bb column_border_radius=\u00bbnone\u00bb width=\u00bb1\/1&#8243; tablet_width_inherit=\u00bbdefault\u00bb tablet_text_alignment=\u00bbdefault\u00bb phone_text_alignment=\u00bbdefault\u00bb overlay_strength=\u00bb0.3&#8243; column_border_width=\u00bbnone\u00bb column_border_style=\u00bbsolid\u00bb bg_image_animation=\u00bbnone\u00bb][image_with_animation image_url=\u00bb6345&#8243; alignment=\u00bbcenter\u00bb animation=\u00bbFade In\u00bb hover_animation=\u00bbnone\u00bb border_radius=\u00bbnone\u00bb box_shadow=\u00bbnone\u00bb image_loading=\u00bbdefault\u00bb max_width=\u00bb100%\u00bb max_width_mobile=\u00bbdefault\u00bb][vc_column_text]\n<h3 style=\"text-align: justify;\"><\/h3>\n<div class=\"post_info_content\">\n<p style=\"text-align: justify;\">Este workshop re\u00fane especialistas de distintas \u00e1reas con el objeto de propiciar un <strong>di\u00e1logo interdisciplinario en el que la desaparici\u00f3n sea analizada desde una perspectiva hist\u00f3rica, sociol\u00f3gica, pol\u00edtica, legal y est\u00e9tica.<\/strong> Este workshop es organizado por el proyecto ERC \u201cDigital Memories\u201d \u2013 \u201cTodos somos Ayotzinapa: el rol de los medios digitales en la formaci\u00f3n de memorias transnacionales sobre la desaparici\u00f3n\u201d, financiado por el Consejo Europeo de Investigaci\u00f3n en el Programa Marco de Investigaci\u00f3n e Innovaci\u00f3n de la Uni\u00f3n Europea Horizonte 2020.<\/p>\n<p style=\"text-align: justify;\">PROGRAMA COMPLETO:<\/p>\n<p style=\"text-align: justify;\"><a href=\"http:\/\/digitalmemories.be\/wp-content\/uploads\/2018\/06\/Programa-Workshop-Desapariciones.pdf\">Programa completo workshop desapariciones en PDF<\/a><\/p>\n<p style=\"text-align: justify;\"><strong>Lunes 25 de junio \u00b7<\/strong> Sede: Irish College, Conference room Ground floor (Planta baja)<\/p>\n<p style=\"text-align: justify;\"><u>10.00 \u2013 11.30 \u2013 Sesi\u00f3n 1<\/u><\/p>\n<p style=\"text-align: justify;\">Moderadora: Silvana Mandolessi<\/p>\n<ul style=\"text-align: justify;\">\n<li><strong>Leigh Payne<\/strong> (University of Oxford) El marco conceptual para entender la desaparici\u00f3n.<\/li>\n<li><strong>Gabriel Gatti<\/strong> (Universidad del Pa\u00eds Vasco \/ Euskal Herriko Unibertsitatea) La desaparici\u00f3n desbordada<\/li>\n<\/ul>\n<p style=\"text-align: justify;\">11.30 \u2013 12 Coffee break<\/p>\n<p style=\"text-align: justify;\"><u>12.00 \u2013 13.30 \u2013 Sesi\u00f3n 2<\/u><\/p>\n<p style=\"text-align: justify;\"><u>\u00a0<\/u>Moderadora: Lene Guercke<\/p>\n<ul style=\"text-align: justify;\">\n<li><strong>Pilar Calveiro<\/strong> (Universidad Aut\u00f3noma de la Ciudad de M\u00e9xico) Continuidades y transformaciones de la desaparici\u00f3n forzada de acuerdo con los modelos de gubernamentalidad<\/li>\n<li><strong>Karina Ansolabehere<\/strong> (Instituto de Investigaciones Jur\u00eddicas, Universidad Nacional Aut\u00f3noma de M\u00e9xico) Unicidad y diversidad en las desapariciones en M\u00e9xico. Un repaso de las desapariciones a nivel local<\/li>\n<\/ul>\n<p style=\"text-align: justify;\">13.30 \u2013 15 Almuerzo<\/p>\n<p style=\"text-align: justify;\"><u>15.00 \u2013 16.30 \u2013 Sesi\u00f3n 3<\/u><\/p>\n<p style=\"text-align: justify;\">Moderadora: Katia Olalde<\/p>\n<ul style=\"text-align: justify;\">\n<li><strong>Lene Guercke<\/strong> (KU Leuven- ERC \u201cDigital Memories\u201d) La complejidad de las desapariciones en M\u00e9xico y la responsabilidad del Estado en el derecho internacional.<\/li>\n<li><strong>Rainer Huhle<\/strong> (Nuremberg Human Rights Centre) La diversidad de las desapariciones forzadas \u2013 M\u00e9xico no es tan singular.<\/li>\n<\/ul>\n<p style=\"text-align: justify;\">16.30 \u2013 17 Coffee break<\/p>\n<p style=\"text-align: justify;\"><u>17.00- 18.30 \u2013 Sesi\u00f3n 4<\/u><\/p>\n<p style=\"text-align: justify;\">Moderadora: Lene Guercke<\/p>\n<ul style=\"text-align: justify;\">\n<li><strong>Gabriella Citroni<\/strong> (International Universit\u00e0 degli Studi di Milano-Bicocca \/ TRIAL International) \u00bfPol\u00edticas adecuadas de cara a la desaparici\u00f3n forzada en M\u00e9xico? No localizadas.<\/li>\n<li><strong>Stephan Parmentier<\/strong> (KU Leuven) Enforced Disappearances in Mexico Revisited through the Lens of Transitional Justice.<\/li>\n<\/ul>\n<p style=\"text-align: justify;\">19.30 \u2013 Cena<\/p>\n<p style=\"text-align: justify;\"><strong>Martes 26 de junio \u00b7\u00a0<\/strong>Sede: Irish College, Conference room Ground Floor (Planta baja)<\/p>\n<p style=\"text-align: justify;\"><u>10.00 \u2013 11.30 \u2013 Sesi\u00f3n 5<\/u><\/p>\n<p style=\"text-align: justify;\">Moderadora: Fabiola Navarro<\/p>\n<ul style=\"text-align: justify;\">\n<li><strong>Mar\u00eda De Vecchi<\/strong> (University College London) M\u00e9xico: \u00bfpa\u00eds sin memoria? Reflexiones sobre la memoria de un pa\u00eds con personas desaparecidas<\/li>\n<li><strong>Mart\u00edn Z\u00edcari<\/strong> (KU Leuven \u2013 ERC \u201cDigital Memories\u201d) Toma del Templo San Hip\u00f3lito de 1979, la historia del activismo mexicano como memoria de la desaparici\u00f3n forzada<\/li>\n<\/ul>\n<p style=\"text-align: justify;\">11.30 \u2013 12 Coffee break<\/p>\n<p style=\"text-align: justify;\"><u>12.00 \u2013 13.30 \u2013 Sesi\u00f3n 6<\/u><\/p>\n<ul style=\"text-align: justify;\">\n<li><strong>Emilio Crenzel<\/strong> (Consejo Nacional de Investigaciones Cient\u00edficas y T\u00e9cnicas \/ Universidad de Buenos Aires) La teor\u00eda del \u201cparalelismo global\u201d y la responsabilidad estatal en el sistema de desaparici\u00f3n forzada de personas en la Argentina<\/li>\n<li><strong>Eugenia Allier<\/strong> (Instituto de Investigaciones Sociales, Universidad Nacional Aut\u00f3noma de M\u00e9xico) Esbozo para la historizaci\u00f3n de las violencias en M\u00e9xico, 1960-2014<\/li>\n<\/ul>\n<p style=\"text-align: justify;\">13.30 \u2013 15 Almuerzo<\/p>\n<p style=\"text-align: justify;\"><u>15.00 \u2013 17.00 \u2013 Sesi\u00f3n 7<\/u><\/p>\n<p style=\"text-align: justify;\">Moderadora: Fabiola Navarro<\/p>\n<ul style=\"text-align: justify;\">\n<li><strong>Ileana Di\u00e9guez<\/strong> (Universidad Aut\u00f3noma Metropolitana \u2013 Unidad Cuajimalpa) Politicidad de los afectos. Pr\u00e1cticas para imaginar a los ausentes<\/li>\n<li><strong>Katia Olalde<\/strong> (KU Leuven \u2013 ERC \u201cDigital Memories\u201d) Expresiones tangibles de la desaparici\u00f3n<\/li>\n<li><strong>Silvana Mandolessi<\/strong> (KU Leuven \u2013 ERC \u201cDigital Memories\u201d) Ayotzinapa: un evento, significados m\u00faltiples<\/li>\n<\/ul>\n<p style=\"text-align: justify;\">17.00 \u2013 17.30 Coffee break<\/p>\n<p style=\"text-align: justify;\">Cierre:<\/p>\n<p style=\"text-align: justify;\">17.30 \u2013 18.30<\/p>\n<p style=\"text-align: justify;\">\n<\/div>\n[\/vc_column_text][\/vc_column][\/vc_row]\n","protected":false},"excerpt":{"rendered":"<p>[vc_row type=\u00bbin_container\u00bb full_screen_row_position=\u00bbmiddle\u00bb column_margin=\u00bbdefault\u00bb scene_position=\u00bbcenter\u00bb text_color=\u00bbdark\u00bb text_align=\u00bbleft\u00bb bottom_padding=\u00bb60&#8243; overlay_strength=\u00bb0.3&#8243; shape_divider_position=\u00bbbottom\u00bb bg_image_animation=\u00bbnone\u00bb][vc_column column_padding=\u00bbno-extra-padding\u00bb column_padding_position=\u00bball\u00bb background_color_opacity=\u00bb1&#8243; background_hover_color_opacity=\u00bb1&#8243; column_link_target=\u00bb_self\u00bb column_shadow=\u00bbnone\u00bb column_border_radius=\u00bbnone\u00bb width=\u00bb1\/1&#8243; tablet_width_inherit=\u00bbdefault\u00bb tablet_text_alignment=\u00bbdefault\u00bb phone_text_alignment=\u00bbdefault\u00bb overlay_strength=\u00bb0.3&#8243; column_border_width=\u00bbnone\u00bb column_border_style=\u00bbsolid\u00bb bg_image_animation=\u00bbnone\u00bb][image_with_animation image_url=\u00bb6345&#8243; alignment=\u00bbcenter\u00bb animation=\u00bbFade In\u00bb&#8230;<\/p>\n","protected":false},"author":2,"featured_media":0,"comment_status":"closed","ping_status":"closed","sticky":false,"template":"","format":"standard","meta":[],"categories":[43,40],"tags":[],"yoast_head":"<!-- This site is optimized with the Yoast SEO plugin v16.4 - https:\/\/yoast.com\/wordpress\/plugins\/seo\/ -->\n<title>Workshop: Desaparici\u00f3n\/es en M\u00e9xico - Digital Memories<\/title>\n<meta name=\"robots\" content=\"index, follow, max-snippet:-1, max-image-preview:large, max-video-preview:-1\" \/>\n<link rel=\"canonical\" href=\"https:\/\/digitalmemories.be\/?p=6401\" \/>\n<meta property=\"og:locale\" content=\"es_ES\" \/>\n<meta property=\"og:type\" content=\"article\" \/>\n<meta property=\"og:title\" content=\"Workshop: Desaparici\u00f3n\/es en M\u00e9xico - Digital Memories\" \/>\n<meta property=\"og:description\" content=\"[vc_row type=\u00bbin_container\u00bb full_screen_row_position=\u00bbmiddle\u00bb column_margin=\u00bbdefault\u00bb scene_position=\u00bbcenter\u00bb text_color=\u00bbdark\u00bb text_align=\u00bbleft\u00bb bottom_padding=\u00bb60&#8243; overlay_strength=\u00bb0.3&#8243; shape_divider_position=\u00bbbottom\u00bb bg_image_animation=\u00bbnone\u00bb][vc_column column_padding=\u00bbno-extra-padding\u00bb column_padding_position=\u00bball\u00bb background_color_opacity=\u00bb1&#8243; background_hover_color_opacity=\u00bb1&#8243; column_link_target=\u00bb_self\u00bb column_shadow=\u00bbnone\u00bb column_border_radius=\u00bbnone\u00bb width=\u00bb1\/1&#8243; tablet_width_inherit=\u00bbdefault\u00bb tablet_text_alignment=\u00bbdefault\u00bb phone_text_alignment=\u00bbdefault\u00bb overlay_strength=\u00bb0.3&#8243; column_border_width=\u00bbnone\u00bb column_border_style=\u00bbsolid\u00bb bg_image_animation=\u00bbnone\u00bb][image_with_animation image_url=\u00bb6345&#8243; alignment=\u00bbcenter\u00bb animation=\u00bbFade In\u00bb...\" \/>\n<meta property=\"og:url\" content=\"https:\/\/digitalmemories.be\/?p=6401\" \/>\n<meta property=\"og:site_name\" content=\"Digital Memories\" \/>\n<meta property=\"article:published_time\" content=\"2020-03-02T15:34:17+00:00\" \/>\n<meta property=\"article:modified_time\" content=\"2020-03-23T15:47:52+00:00\" \/>\n<meta name=\"twitter:card\" content=\"summary_large_image\" \/>\n<meta name=\"twitter:label1\" content=\"Tiempo de lectura\" \/>\n\t<meta name=\"twitter:data1\" content=\"3 minutos\" \/>\n<script type=\"application\/ld+json\" class=\"yoast-schema-graph\">{\"@context\":\"https:\/\/schema.org\",\"@graph\":[{\"@type\":\"WebSite\",\"@id\":\"https:\/\/digitalmemories.be\/#website\",\"url\":\"https:\/\/digitalmemories.be\/\",\"name\":\"Digital Memories\",\"description\":\"\",\"potentialAction\":[{\"@type\":\"SearchAction\",\"target\":\"https:\/\/digitalmemories.be\/?s={search_term_string}\",\"query-input\":\"required name=search_term_string\"}],\"inLanguage\":\"es\"},{\"@type\":\"WebPage\",\"@id\":\"https:\/\/digitalmemories.be\/?p=6401#webpage\",\"url\":\"https:\/\/digitalmemories.be\/?p=6401\",\"name\":\"Workshop: Desaparici\\u00f3n\/es en M\\u00e9xico - Digital Memories\",\"isPartOf\":{\"@id\":\"https:\/\/digitalmemories.be\/#website\"},\"datePublished\":\"2020-03-02T15:34:17+00:00\",\"dateModified\":\"2020-03-23T15:47:52+00:00\",\"author\":{\"@id\":\"https:\/\/digitalmemories.be\/#\/schema\/person\/9b37fcaaec36010f8a45969703fe2ae6\"},\"breadcrumb\":{\"@id\":\"https:\/\/digitalmemories.be\/?p=6401#breadcrumb\"},\"inLanguage\":\"es\",\"potentialAction\":[{\"@type\":\"ReadAction\",\"target\":[\"https:\/\/digitalmemories.be\/?p=6401\"]}]},{\"@type\":\"BreadcrumbList\",\"@id\":\"https:\/\/digitalmemories.be\/?p=6401#breadcrumb\",\"itemListElement\":[{\"@type\":\"ListItem\",\"position\":1,\"item\":{\"@type\":\"WebPage\",\"@id\":\"https:\/\/digitalmemories.be\/\",\"url\":\"https:\/\/digitalmemories.be\/\",\"name\":\"Portada\"}},{\"@type\":\"ListItem\",\"position\":2,\"item\":{\"@id\":\"https:\/\/digitalmemories.be\/?p=6401#webpage\"}}]},{\"@type\":\"Person\",\"@id\":\"https:\/\/digitalmemories.be\/#\/schema\/person\/9b37fcaaec36010f8a45969703fe2ae6\",\"name\":\"Digital Memories\",\"image\":{\"@type\":\"ImageObject\",\"@id\":\"https:\/\/digitalmemories.be\/#personlogo\",\"inLanguage\":\"es\",\"url\":\"https:\/\/digitalmemories.be\/wp-content\/uploads\/2020\/03\/DMLogo-2.jpg\",\"contentUrl\":\"https:\/\/digitalmemories.be\/wp-content\/uploads\/2020\/03\/DMLogo-2.jpg\",\"caption\":\"Digital Memories\"},\"url\":\"https:\/\/digitalmemories.be\/?author=2\"}]}<\/script>\n<!-- \/ Yoast SEO plugin. -->","_links":{"self":[{"href":"https:\/\/digitalmemories.be\/index.php?rest_route=\/wp\/v2\/posts\/6401"}],"collection":[{"href":"https:\/\/digitalmemories.be\/index.php?rest_route=\/wp\/v2\/posts"}],"about":[{"href":"https:\/\/digitalmemories.be\/index.php?rest_route=\/wp\/v2\/types\/post"}],"author":[{"embeddable":true,"href":"https:\/\/digitalmemories.be\/index.php?rest_route=\/wp\/v2\/users\/2"}],"replies":[{"embeddable":true,"href":"https:\/\/digitalmemories.be\/index.php?rest_route=%2Fwp%2Fv2%2Fcomments&post=6401"}],"version-history":[{"count":4,"href":"https:\/\/digitalmemories.be\/index.php?rest_route=\/wp\/v2\/posts\/6401\/revisions"}],"predecessor-version":[{"id":6405,"href":"https:\/\/digitalmemories.be\/index.php?rest_route=\/wp\/v2\/posts\/6401\/revisions\/6405"}],"wp:attachment":[{"href":"https:\/\/digitalmemories.be\/index.php?rest_route=%2Fwp%2Fv2%2Fmedia&parent=6401"}],"wp:term":[{"taxonomy":"category","embeddable":true,"href":"https:\/\/digitalmemories.be\/index.php?rest_route=%2Fwp%2Fv2%2Fcategories&post=6401"},{"taxonomy":"post_tag","embeddable":true,"href":"https:\/\/digitalmemories.be\/index.php?rest_route=%2Fwp%2Fv2%2Ftags&post=6401"}],"curies":[{"name":"wp","href":"https:\/\/api.w.org\/{rel}","templated":true}]}}